{"id":3681,"date":"2019-07-19T16:36:56","date_gmt":"2019-07-19T16:36:56","guid":{"rendered":"https:\/\/www.gardenpromenade.ca\/?post_type=news&#038;p=3681"},"modified":"2019-07-19T16:36:56","modified_gmt":"2019-07-19T16:36:56","slug":"la-fin-de-semaine-du-garden-party-est-ici","status":"publish","type":"news","link":"https:\/\/www.gardenpromenade.ca\/fr\/news\/la-fin-de-semaine-du-garden-party-est-ici\/","title":{"rendered":"La fin de semaine du Garden-party est ici!"},"content":{"rendered":"<p><strong><em>La fin de semaine du Garden-party est ici!<\/em><\/strong><\/p>\n<p><strong><em>Du vendredi 19 juillet au dimanche 21 juillet 2019<img loading=\"lazy\" class=\"size-medium wp-image-3637 alignright\" src=\"https:\/\/www.gardenpromenade.ca\/wp-content\/uploads\/2019\/07\/garden-party-2019-300x201.png\" alt=\"\" width=\"300\" height=\"201\" srcset=\"https:\/\/www.gardenpromenade.ca\/wp-content\/uploads\/2019\/07\/garden-party-2019-300x201.png 300w, https:\/\/www.gardenpromenade.ca\/wp-content\/uploads\/2019\/07\/garden-party-2019-768x514.png 768w, https:\/\/www.gardenpromenade.ca\/wp-content\/uploads\/2019\/07\/garden-party-2019.png 774w\" sizes=\"(max-width: 300px) 100vw, 300px\" \/><\/em><\/strong><\/p>\n<p>&nbsp;<\/p>\n<p>Enfin! \u2013 La fin de semaine du Garden-party. Cette fin de semaine, la Promenade des jardins invite tout le monde \u00e0 venir profiter des activit\u00e9s dans l\u2019un ou plusieurs des magnifiques jardins de la capitale.<\/p>\n<p>Cette ann\u00e9e, les activit\u00e9s du Garden-party sont aussi diverses et color\u00e9es que les jardins qui les pr\u00e9sentent.<\/p>\n<p>Pour ceux qui aiment la tradition, sirotez le th\u00e9 anglais \u00e0 l\u2019Arboretum du Dominium, au domaine Billings ou au domaine Mackenzie King. Les amateurs d&rsquo;histoire pourront se rendre sur la colline du Parlement pour assister au grand spectacle annuel militaire mettant en vedette de nombreux orchestres militaires, cornemuses et tambours, ainsi que la C\u00e9r\u00e9monie de la rel\u00e8ve de la Garde. Apportez votre panier de pique-nique \u00e0 Rideau Hall pour faire profiter aux enfants de l\u2019Heure du conte dans la Tente de lecture.<\/p>\n<p>La fin de semaine du Garden-party est l\u2019occasion pour l\u2019ouverture du nouveau Bistro de la CCN dans le parc de la Conf\u00e9d\u00e9ration. Vous pouvez maintenant d\u00e9guster un verre de vin dans un magnifique environnement vert. Savourez \u00e9galement le cocktail signature du Garden-party servi dans un magnifique d\u00e9cor de jardin \u00e0 la Taverne sur la Colline, ou \u00e0 la Taverne sur les Chutes. La famille aura beaucoup de plaisir au Festival de la cr\u00e8me glac\u00e9e du Mus\u00e9e canadien de l\u2019alimentation et de l\u2019agriculture et au Boochfest, 2<sup>e<\/sup> Festival de Kombucha annuel dans l\u2019\u00c9difice de l\u2019horticulture du parc Lansdowne.<\/p>\n<p>La saison du Tour de la Promenade des jardins bat son plein et d\u00e9sormais, vous pouvez faire le \u00ab Garden-party itin\u00e9rant \u00bb lors d&rsquo;un tour en bus, \u00e0 pied ou \u00e0 v\u00e9lo des jardins de la Promenade. Pour un rabais de 5 $ sur l\u2019un des circuits, utilisez le code promotionnel GARDENPARTY.<\/p>\n<p>Informez-vous sur toutes les activit\u00e9s du Garden-party \u00e0 l\u2019adresse\u00a0: <a href=\"https:\/\/gardeningcalendar.ca\/garden-party\/\">https:\/\/gardeningcalendar.ca\/garden-party<\/a><\/p>\n<p>Quel que soit le jardin que vous choisissez, peu importe l\u2019\u00e9v\u00e9nement auquel vous assistez, c\u00e9l\u00e9brez avec nous la fin de semaine du Garden-party sur la Promenade des jardins!<\/p>\n<p>&nbsp;<\/p>\n<p><strong><em>\u00c0 propos de la Promenade des jardins<\/em><\/strong><\/p>\n<p>Avec plus de 75 jardins, la Promenade des jardins s\u2019\u00e9tend de Rideau Hall, le long du canal Rideau et de la Ferme exp\u00e9rimentale jusqu\u2019\u00e0 la colline du Parlement en passant par Gatineau.<\/p>\n<p><a href=\"https:\/\/promenadedesjardins.ca\">promenadedesjardins.ca<\/a><\/p>\n<p>&nbsp;<\/p>\n<p><strong><em>Besoin de plus d\u2019info?<\/em><\/strong><\/p>\n<p>Contactez\u00a0:<\/p>\n<p>&nbsp;<\/p>\n<p>Michel Gauthier, Jardins d\u2019Ottawa<\/p>\n<p>T\u00e9l\u00e9phone : 613-301-4554 \/ courriel <a href=\"mailto:michel@promenadedesjardins.ca\">michel@promenadedesjardins.ca<\/a><\/p>\n<p>&nbsp;<\/p>\n<p>Kath Thompson, gestionnaire Promenade des jardins<\/p>\n<p>613-266-1858 \/ courriel <a href=\"mailto:kath@gardenpromenade.ca\">kath@gardenpromenade.ca<\/a><\/p>\n<p>&nbsp;<\/p>\n","protected":false},"excerpt":{"rendered":"<p>La fin de semaine du Garden-party est ici! Du vendredi 19 juillet au dimanche 21 juillet 2019 &nbsp; Enfin! \u2013 La fin de semaine du Garden-party. Cette fin de semaine, la Promenade des jardins invite tout le monde \u00e0 venir profiter des activit\u00e9s dans l\u2019un ou plusieurs des magnifiques jardins de la capitale. Cette ann\u00e9e, [&hellip;]<\/p>\n","protected":false},"author":4,"featured_media":0,"menu_order":0,"template":"","yoast_head":"<!-- This site is optimized with the Yoast SEO plugin v17.1 - https:\/\/yoast.com\/wordpress\/plugins\/seo\/ -->\n<title>La fin de semaine du Garden-party est ici! &ndash; Garden Promenade<\/title>\n<meta name=\"robots\" content=\"index, follow, max-snippet:-1, max-image-preview:large, max-video-preview:-1\" \/>\n<link rel=\"canonical\" href=\"https:\/\/www.gardenpromenade.ca\/fr\/news\/la-fin-de-semaine-du-garden-party-est-ici\/\" \/>\n<meta property=\"og:locale\" content=\"fr_FR\" \/>\n<meta property=\"og:type\" content=\"article\" \/>\n<meta property=\"og:title\" content=\"La fin de semaine du Garden-party est ici! &ndash; Garden Promenade\" \/>\n<meta property=\"og:description\" content=\"La fin de semaine du Garden-party est ici! Du vendredi 19 juillet au dimanche 21 juillet 2019 &nbsp; Enfin! \u2013 La fin de semaine du Garden-party. Cette fin de semaine, la Promenade des jardins invite tout le monde \u00e0 venir profiter des activit\u00e9s dans l\u2019un ou plusieurs des magnifiques jardins de la capitale. Cette ann\u00e9e, [&hellip;]\" \/>\n<meta property=\"og:url\" content=\"https:\/\/www.gardenpromenade.ca\/fr\/news\/la-fin-de-semaine-du-garden-party-est-ici\/\" \/>\n<meta property=\"og:site_name\" content=\"Garden Promenade\" \/>\n<meta property=\"article:publisher\" content=\"https:\/\/www.facebook.com\/gardenpromenade\/\" \/>\n<meta property=\"og:image\" content=\"https:\/\/www.gardenpromenade.ca\/wp-content\/uploads\/2019\/07\/garden-party-2019-300x201.png\" \/>\n<meta name=\"twitter:card\" content=\"summary_large_image\" \/>\n<meta name=\"twitter:site\" content=\"@gardenpromenade\" \/>\n<meta name=\"twitter:label1\" content=\"Dur\u00e9e de lecture est.\" \/>\n\t<meta name=\"twitter:data1\" content=\"2 minutes\" \/>\n<script type=\"application\/ld+json\" class=\"yoast-schema-graph\">{\"@context\":\"https:\/\/schema.org\",\"@graph\":[{\"@type\":\"WebSite\",\"@id\":\"https:\/\/www.gardenpromenade.ca\/#website\",\"url\":\"https:\/\/www.gardenpromenade.ca\/\",\"name\":\"Garden Promenade\",\"description\":\"Explore Ottawa-Gatineau&#039;s Gardens\",\"potentialAction\":[{\"@type\":\"SearchAction\",\"target\":{\"@type\":\"EntryPoint\",\"urlTemplate\":\"https:\/\/www.gardenpromenade.ca\/?s={search_term_string}\"},\"query-input\":\"required name=search_term_string\"}],\"inLanguage\":\"fr-FR\"},{\"@type\":\"ImageObject\",\"@id\":\"https:\/\/www.gardenpromenade.ca\/fr\/news\/la-fin-de-semaine-du-garden-party-est-ici\/#primaryimage\",\"inLanguage\":\"fr-FR\",\"url\":\"https:\/\/www.gardenpromenade.ca\/wp-content\/uploads\/2019\/07\/garden-party-2019.png\",\"contentUrl\":\"https:\/\/www.gardenpromenade.ca\/wp-content\/uploads\/2019\/07\/garden-party-2019.png\",\"width\":774,\"height\":518},{\"@type\":\"WebPage\",\"@id\":\"https:\/\/www.gardenpromenade.ca\/fr\/news\/la-fin-de-semaine-du-garden-party-est-ici\/#webpage\",\"url\":\"https:\/\/www.gardenpromenade.ca\/fr\/news\/la-fin-de-semaine-du-garden-party-est-ici\/\",\"name\":\"La fin de semaine du Garden-party est ici! &ndash; Garden Promenade\",\"isPartOf\":{\"@id\":\"https:\/\/www.gardenpromenade.ca\/#website\"},\"primaryImageOfPage\":{\"@id\":\"https:\/\/www.gardenpromenade.ca\/fr\/news\/la-fin-de-semaine-du-garden-party-est-ici\/#primaryimage\"},\"datePublished\":\"2019-07-19T16:36:56+00:00\",\"dateModified\":\"2019-07-19T16:36:56+00:00\",\"breadcrumb\":{\"@id\":\"https:\/\/www.gardenpromenade.ca\/fr\/news\/la-fin-de-semaine-du-garden-party-est-ici\/#breadcrumb\"},\"inLanguage\":\"fr-FR\",\"potentialAction\":[{\"@type\":\"ReadAction\",\"target\":[\"https:\/\/www.gardenpromenade.ca\/fr\/news\/la-fin-de-semaine-du-garden-party-est-ici\/\"]}]},{\"@type\":\"BreadcrumbList\",\"@id\":\"https:\/\/www.gardenpromenade.ca\/fr\/news\/la-fin-de-semaine-du-garden-party-est-ici\/#breadcrumb\",\"itemListElement\":[{\"@type\":\"ListItem\",\"position\":1,\"name\":\"Home\",\"item\":\"https:\/\/www.gardenpromenade.ca\/fr\/\"},{\"@type\":\"ListItem\",\"position\":2,\"name\":\"La fin de semaine du Garden-party est ici!\"}]}]}<\/script>\n<!-- \/ Yoast SEO plugin. -->","yoast_head_json":{"title":"La fin de semaine du Garden-party est ici! &ndash; Garden Promenade","robots":{"index":"index","follow":"follow","max-snippet":"max-snippet:-1","max-image-preview":"max-image-preview:large","max-video-preview":"max-video-preview:-1"},"canonical":"https:\/\/www.gardenpromenade.ca\/fr\/news\/la-fin-de-semaine-du-garden-party-est-ici\/","og_locale":"fr_FR","og_type":"article","og_title":"La fin de semaine du Garden-party est ici! &ndash; Garden Promenade","og_description":"La fin de semaine du Garden-party est ici! Du vendredi 19 juillet au dimanche 21 juillet 2019 &nbsp; Enfin! \u2013 La fin de semaine du Garden-party. Cette fin de semaine, la Promenade des jardins invite tout le monde \u00e0 venir profiter des activit\u00e9s dans l\u2019un ou plusieurs des magnifiques jardins de la capitale. Cette ann\u00e9e, [&hellip;]","og_url":"https:\/\/www.gardenpromenade.ca\/fr\/news\/la-fin-de-semaine-du-garden-party-est-ici\/","og_site_name":"Garden Promenade","article_publisher":"https:\/\/www.facebook.com\/gardenpromenade\/","og_image":[{"url":"https:\/\/www.gardenpromenade.ca\/wp-content\/uploads\/2019\/07\/garden-party-2019-300x201.png"}],"twitter_card":"summary_large_image","twitter_site":"@gardenpromenade","twitter_misc":{"Dur\u00e9e de lecture est.":"2 minutes"},"schema":{"@context":"https:\/\/schema.org","@graph":[{"@type":"WebSite","@id":"https:\/\/www.gardenpromenade.ca\/#website","url":"https:\/\/www.gardenpromenade.ca\/","name":"Garden Promenade","description":"Explore Ottawa-Gatineau&#039;s Gardens","potentialAction":[{"@type":"SearchAction","target":{"@type":"EntryPoint","urlTemplate":"https:\/\/www.gardenpromenade.ca\/?s={search_term_string}"},"query-input":"required name=search_term_string"}],"inLanguage":"fr-FR"},{"@type":"ImageObject","@id":"https:\/\/www.gardenpromenade.ca\/fr\/news\/la-fin-de-semaine-du-garden-party-est-ici\/#primaryimage","inLanguage":"fr-FR","url":"https:\/\/www.gardenpromenade.ca\/wp-content\/uploads\/2019\/07\/garden-party-2019.png","contentUrl":"https:\/\/www.gardenpromenade.ca\/wp-content\/uploads\/2019\/07\/garden-party-2019.png","width":774,"height":518},{"@type":"WebPage","@id":"https:\/\/www.gardenpromenade.ca\/fr\/news\/la-fin-de-semaine-du-garden-party-est-ici\/#webpage","url":"https:\/\/www.gardenpromenade.ca\/fr\/news\/la-fin-de-semaine-du-garden-party-est-ici\/","name":"La fin de semaine du Garden-party est ici! &ndash; Garden Promenade","isPartOf":{"@id":"https:\/\/www.gardenpromenade.ca\/#website"},"primaryImageOfPage":{"@id":"https:\/\/www.gardenpromenade.ca\/fr\/news\/la-fin-de-semaine-du-garden-party-est-ici\/#primaryimage"},"datePublished":"2019-07-19T16:36:56+00:00","dateModified":"2019-07-19T16:36:56+00:00","breadcrumb":{"@id":"https:\/\/www.gardenpromenade.ca\/fr\/news\/la-fin-de-semaine-du-garden-party-est-ici\/#breadcrumb"},"inLanguage":"fr-FR","potentialAction":[{"@type":"ReadAction","target":["https:\/\/www.gardenpromenade.ca\/fr\/news\/la-fin-de-semaine-du-garden-party-est-ici\/"]}]},{"@type":"BreadcrumbList","@id":"https:\/\/www.gardenpromenade.ca\/fr\/news\/la-fin-de-semaine-du-garden-party-est-ici\/#breadcrumb","itemListElement":[{"@type":"ListItem","position":1,"name":"Home","item":"https:\/\/www.gardenpromenade.ca\/fr\/"},{"@type":"ListItem","position":2,"name":"La fin de semaine du Garden-party est ici!"}]}]}},"_links":{"self":[{"href":"https:\/\/www.gardenpromenade.ca\/fr\/wp-json\/wp\/v2\/news\/3681"}],"collection":[{"href":"https:\/\/www.gardenpromenade.ca\/fr\/wp-json\/wp\/v2\/news"}],"about":[{"href":"https:\/\/www.gardenpromenade.ca\/fr\/wp-json\/wp\/v2\/types\/news"}],"author":[{"embeddable":true,"href":"https:\/\/www.gardenpromenade.ca\/fr\/wp-json\/wp\/v2\/users\/4"}],"wp:attachment":[{"href":"https:\/\/www.gardenpromenade.ca\/fr\/wp-json\/wp\/v2\/media?parent=3681"}],"curies":[{"name":"wp","href":"https:\/\/api.w.org\/{rel}","templated":true}]}}