{"id":4145,"date":"2020-08-31T20:00:24","date_gmt":"2020-08-31T20:00:24","guid":{"rendered":"https:\/\/www.gardenpromenade.ca\/?post_type=news&#038;p=4145"},"modified":"2020-08-31T20:00:44","modified_gmt":"2020-08-31T20:00:44","slug":"les-visites-autoguidees-de-la-promenade-des-jardins","status":"publish","type":"news","link":"https:\/\/www.gardenpromenade.ca\/fr\/news\/les-visites-autoguidees-de-la-promenade-des-jardins\/","title":{"rendered":"Les Visites autoguid\u00e9es de la Promenade des jardins"},"content":{"rendered":"<h3 class=\"null\">Pour diffusion imm\u00e9diate &#8211; lundi, le 31 ao\u00fbt<\/h3>\n<h3><\/h3>\n<h1 class=\"null\"><strong>Les Visites autoguid\u00e9es de la Promenade des jardins<\/strong><\/h1>\n<h2 class=\"null\">#Promenadesdesjardins #MonOttawa #OutaouaisFun<\/h2>\n<h1 class=\"null\"><\/h1>\n<h3 class=\"null\">2020 est l&rsquo;ann\u00e9e du \u00ab\u00a0Staycation\u00a0\u00bb. C\u2019est l\u2019occasion de d\u00e9couvrir des endroits merveilleux dans votre propre ville. Nous savons que de nombreuses personnes passent autant de temps que possible \u00e0 l&rsquo;ext\u00e9rieur \u00e0 l&rsquo;air frais, ce qui est b\u00e9n\u00e9fique \u00e0 la fois pour la sant\u00e9 physique et mentale.<\/h3>\n<p><u><strong>Pr\u00e9sentation des visites autoguid\u00e9es de la Promenade des jardins!<\/strong><\/u><\/p>\n<p>D\u00e9couvrez la Promenade des jardins \u00e0 votre fa\u00e7on. Profitez de ces magnifiques jardins avec votre propre bulle de famille et d&rsquo;amis. Explorez \u00e0 votre rythme. Vous pouvez marcher, faire du v\u00e9lo ou conduire. On pr\u00e9voit des temp\u00e9ratures plus chaudes que d\u2019habitude dans la r\u00e9gion de la capitale jusqu\u2019\u00e0 la fin du mois d\u2019octobre.<\/p>\n<p>\u00ab Jardins d\u2019Ottawa est heureux d\u2019inviter tout le monde \u00e0 faire une visite autoguid\u00e9e de la Promenade des jardins et \u00e0 d\u00e9couvrir les exp\u00e9riences jardins de la capitale. N&rsquo;oubliez pas qu&rsquo;un jardin est un ami, surtout pendant la pand\u00e9mie COVID-19. \u00bb Michel Gauthier, pr\u00e9sident, Jardins d&rsquo;Ottawa.<\/p>\n<p>Il y a cinq visites jardins diff\u00e9rentes \u00e0 explorer et \u00e0 appr\u00e9cier:<\/p>\n<ul>\n<li>\n<h3 class=\"null\">Jardins du centre-ville d&rsquo;Ottawa &#8211; Scotts Miracle-Gro<\/h3>\n<\/li>\n<li>\n<h3 class=\"null\">Jardins de la Ferme exp\u00e9rimentale centrale<\/h3>\n<\/li>\n<li>\n<h3 class=\"null\">Jardins du ruisseau de la Brasserie de Gatineau<\/h3>\n<\/li>\n<li>\n<h3 class=\"null\">Jardins de Rideau Hall<\/h3>\n<\/li>\n<li>\n<h3 class=\"null\">Jardins hors de la Promenade<\/h3>\n<\/li>\n<\/ul>\n<h3 class=\"null\">Vous trouverez des descriptions de jardins, des cartes et de courts vid\u00e9os au sujet des visites autoguid\u00e9es sur notre site\u00a0<a href=\"https:\/\/www.gardenpromenade.ca\/fr\/prenez-un-tour-a-pied-a-velo-en-autobus-guide\/\">Web<\/a><\/h3>\n<p>La Promenade des jardins, g\u00e9r\u00e9e par Jardins d\u2019Ottawa, est rendue possible gr\u00e2ce au soutien de la Commission de la capitale nationale, de ses partenaires de jardins, de ses partenaires touristiques et de Scotts Miracle-Gro.<\/p>\n<h3 class=\"null\"><u>M<\/u>\u00e9<u>dias<\/u><br \/>\n<a href=\"https:\/\/www.gardenpromenade.ca\/fr\/\">https:\/\/www.gardenpromenade.ca\/fr\/<\/a><br \/>\n<a href=\"https:\/\/www.facebook.com\/gardenpromenade\">https:\/\/www.facebook.com\/gardenpromenade<\/a><br \/>\n<a href=\"https:\/\/www.instagram.com\/gardenpromenade\/\">https:\/\/www.instagram.com\/gardenpromenade\/<\/a><\/h3>\n<p><u>Contact<\/u><br \/>\n<strong>Michel Gauthier<\/strong><br \/>\nPr\u00e9sident de Jardins d\u2019Ottawa<br \/>\nmichel@promenadedesjardins.ca<br \/>\nT\u00e9l\u00e9phone : 613-301-4554<\/p>\n<p><strong>Kath Thompson<\/strong><br \/>\nGestionnaire Promenade des jardins<br \/>\n<a href=\"mailto:Kath@gardenpromenade.ca\">Kath@gardenpromenade.ca<\/a><br \/>\nT\u00e9l\u00e9phone\u00a0: 613-266-1858<\/p>\n","protected":false},"excerpt":{"rendered":"<p>Pour diffusion imm\u00e9diate &#8211; lundi, le 31 ao\u00fbt Les Visites autoguid\u00e9es de la Promenade des jardins #Promenadesdesjardins #MonOttawa #OutaouaisFun 2020 est l&rsquo;ann\u00e9e du \u00ab\u00a0Staycation\u00a0\u00bb. C\u2019est l\u2019occasion de d\u00e9couvrir des endroits merveilleux dans votre propre ville. Nous savons que de nombreuses personnes passent autant de temps que possible \u00e0 l&rsquo;ext\u00e9rieur \u00e0 l&rsquo;air frais, ce qui est [&hellip;]<\/p>\n","protected":false},"author":6,"featured_media":0,"menu_order":0,"template":"","yoast_head":"<!-- This site is optimized with the Yoast SEO plugin v17.1 - https:\/\/yoast.com\/wordpress\/plugins\/seo\/ -->\n<title>Les Visites autoguid\u00e9es de la Promenade des jardins &ndash; Garden Promenade<\/title>\n<meta name=\"robots\" content=\"index, follow, max-snippet:-1, max-image-preview:large, max-video-preview:-1\" \/>\n<link rel=\"canonical\" href=\"https:\/\/www.gardenpromenade.ca\/fr\/news\/les-visites-autoguidees-de-la-promenade-des-jardins\/\" \/>\n<meta property=\"og:locale\" content=\"fr_FR\" \/>\n<meta property=\"og:type\" content=\"article\" \/>\n<meta property=\"og:title\" content=\"Les Visites autoguid\u00e9es de la Promenade des jardins &ndash; Garden Promenade\" \/>\n<meta property=\"og:description\" content=\"Pour diffusion imm\u00e9diate &#8211; lundi, le 31 ao\u00fbt Les Visites autoguid\u00e9es de la Promenade des jardins #Promenadesdesjardins #MonOttawa #OutaouaisFun 2020 est l&rsquo;ann\u00e9e du \u00ab\u00a0Staycation\u00a0\u00bb. C\u2019est l\u2019occasion de d\u00e9couvrir des endroits merveilleux dans votre propre ville. Nous savons que de nombreuses personnes passent autant de temps que possible \u00e0 l&rsquo;ext\u00e9rieur \u00e0 l&rsquo;air frais, ce qui est [&hellip;]\" \/>\n<meta property=\"og:url\" content=\"https:\/\/www.gardenpromenade.ca\/fr\/news\/les-visites-autoguidees-de-la-promenade-des-jardins\/\" \/>\n<meta property=\"og:site_name\" content=\"Garden Promenade\" \/>\n<meta property=\"article:publisher\" content=\"https:\/\/www.facebook.com\/gardenpromenade\/\" \/>\n<meta property=\"article:modified_time\" content=\"2020-08-31T20:00:44+00:00\" \/>\n<meta name=\"twitter:card\" content=\"summary_large_image\" \/>\n<meta name=\"twitter:site\" content=\"@gardenpromenade\" \/>\n<meta name=\"twitter:label1\" content=\"Dur\u00e9e de lecture est.\" \/>\n\t<meta name=\"twitter:data1\" content=\"2 minutes\" \/>\n<script type=\"application\/ld+json\" class=\"yoast-schema-graph\">{\"@context\":\"https:\/\/schema.org\",\"@graph\":[{\"@type\":\"WebSite\",\"@id\":\"https:\/\/www.gardenpromenade.ca\/#website\",\"url\":\"https:\/\/www.gardenpromenade.ca\/\",\"name\":\"Garden Promenade\",\"description\":\"Explore Ottawa-Gatineau&#039;s Gardens\",\"potentialAction\":[{\"@type\":\"SearchAction\",\"target\":{\"@type\":\"EntryPoint\",\"urlTemplate\":\"https:\/\/www.gardenpromenade.ca\/?s={search_term_string}\"},\"query-input\":\"required name=search_term_string\"}],\"inLanguage\":\"fr-FR\"},{\"@type\":\"WebPage\",\"@id\":\"https:\/\/www.gardenpromenade.ca\/fr\/news\/les-visites-autoguidees-de-la-promenade-des-jardins\/#webpage\",\"url\":\"https:\/\/www.gardenpromenade.ca\/fr\/news\/les-visites-autoguidees-de-la-promenade-des-jardins\/\",\"name\":\"Les Visites autoguid\\u00e9es de la Promenade des jardins &ndash; Garden Promenade\",\"isPartOf\":{\"@id\":\"https:\/\/www.gardenpromenade.ca\/#website\"},\"datePublished\":\"2020-08-31T20:00:24+00:00\",\"dateModified\":\"2020-08-31T20:00:44+00:00\",\"breadcrumb\":{\"@id\":\"https:\/\/www.gardenpromenade.ca\/fr\/news\/les-visites-autoguidees-de-la-promenade-des-jardins\/#breadcrumb\"},\"inLanguage\":\"fr-FR\",\"potentialAction\":[{\"@type\":\"ReadAction\",\"target\":[\"https:\/\/www.gardenpromenade.ca\/fr\/news\/les-visites-autoguidees-de-la-promenade-des-jardins\/\"]}]},{\"@type\":\"BreadcrumbList\",\"@id\":\"https:\/\/www.gardenpromenade.ca\/fr\/news\/les-visites-autoguidees-de-la-promenade-des-jardins\/#breadcrumb\",\"itemListElement\":[{\"@type\":\"ListItem\",\"position\":1,\"name\":\"Home\",\"item\":\"https:\/\/www.gardenpromenade.ca\/fr\/\"},{\"@type\":\"ListItem\",\"position\":2,\"name\":\"Les Visites autoguid\\u00e9es de la Promenade des jardins\"}]}]}<\/script>\n<!-- \/ Yoast SEO plugin. -->","yoast_head_json":{"title":"Les Visites autoguid\u00e9es de la Promenade des jardins &ndash; Garden Promenade","robots":{"index":"index","follow":"follow","max-snippet":"max-snippet:-1","max-image-preview":"max-image-preview:large","max-video-preview":"max-video-preview:-1"},"canonical":"https:\/\/www.gardenpromenade.ca\/fr\/news\/les-visites-autoguidees-de-la-promenade-des-jardins\/","og_locale":"fr_FR","og_type":"article","og_title":"Les Visites autoguid\u00e9es de la Promenade des jardins &ndash; Garden Promenade","og_description":"Pour diffusion imm\u00e9diate &#8211; lundi, le 31 ao\u00fbt Les Visites autoguid\u00e9es de la Promenade des jardins #Promenadesdesjardins #MonOttawa #OutaouaisFun 2020 est l&rsquo;ann\u00e9e du \u00ab\u00a0Staycation\u00a0\u00bb. C\u2019est l\u2019occasion de d\u00e9couvrir des endroits merveilleux dans votre propre ville. Nous savons que de nombreuses personnes passent autant de temps que possible \u00e0 l&rsquo;ext\u00e9rieur \u00e0 l&rsquo;air frais, ce qui est [&hellip;]","og_url":"https:\/\/www.gardenpromenade.ca\/fr\/news\/les-visites-autoguidees-de-la-promenade-des-jardins\/","og_site_name":"Garden Promenade","article_publisher":"https:\/\/www.facebook.com\/gardenpromenade\/","article_modified_time":"2020-08-31T20:00:44+00:00","twitter_card":"summary_large_image","twitter_site":"@gardenpromenade","twitter_misc":{"Dur\u00e9e de lecture est.":"2 minutes"},"schema":{"@context":"https:\/\/schema.org","@graph":[{"@type":"WebSite","@id":"https:\/\/www.gardenpromenade.ca\/#website","url":"https:\/\/www.gardenpromenade.ca\/","name":"Garden Promenade","description":"Explore Ottawa-Gatineau&#039;s Gardens","potentialAction":[{"@type":"SearchAction","target":{"@type":"EntryPoint","urlTemplate":"https:\/\/www.gardenpromenade.ca\/?s={search_term_string}"},"query-input":"required name=search_term_string"}],"inLanguage":"fr-FR"},{"@type":"WebPage","@id":"https:\/\/www.gardenpromenade.ca\/fr\/news\/les-visites-autoguidees-de-la-promenade-des-jardins\/#webpage","url":"https:\/\/www.gardenpromenade.ca\/fr\/news\/les-visites-autoguidees-de-la-promenade-des-jardins\/","name":"Les Visites autoguid\u00e9es de la Promenade des jardins &ndash; Garden Promenade","isPartOf":{"@id":"https:\/\/www.gardenpromenade.ca\/#website"},"datePublished":"2020-08-31T20:00:24+00:00","dateModified":"2020-08-31T20:00:44+00:00","breadcrumb":{"@id":"https:\/\/www.gardenpromenade.ca\/fr\/news\/les-visites-autoguidees-de-la-promenade-des-jardins\/#breadcrumb"},"inLanguage":"fr-FR","potentialAction":[{"@type":"ReadAction","target":["https:\/\/www.gardenpromenade.ca\/fr\/news\/les-visites-autoguidees-de-la-promenade-des-jardins\/"]}]},{"@type":"BreadcrumbList","@id":"https:\/\/www.gardenpromenade.ca\/fr\/news\/les-visites-autoguidees-de-la-promenade-des-jardins\/#breadcrumb","itemListElement":[{"@type":"ListItem","position":1,"name":"Home","item":"https:\/\/www.gardenpromenade.ca\/fr\/"},{"@type":"ListItem","position":2,"name":"Les Visites autoguid\u00e9es de la Promenade des jardins"}]}]}},"_links":{"self":[{"href":"https:\/\/www.gardenpromenade.ca\/fr\/wp-json\/wp\/v2\/news\/4145"}],"collection":[{"href":"https:\/\/www.gardenpromenade.ca\/fr\/wp-json\/wp\/v2\/news"}],"about":[{"href":"https:\/\/www.gardenpromenade.ca\/fr\/wp-json\/wp\/v2\/types\/news"}],"author":[{"embeddable":true,"href":"https:\/\/www.gardenpromenade.ca\/fr\/wp-json\/wp\/v2\/users\/6"}],"wp:attachment":[{"href":"https:\/\/www.gardenpromenade.ca\/fr\/wp-json\/wp\/v2\/media?parent=4145"}],"curies":[{"name":"wp","href":"https:\/\/api.w.org\/{rel}","templated":true}]}}